{"id":326,"date":"2021-07-15T02:54:25","date_gmt":"2021-07-14T23:54:25","guid":{"rendered":"https:\/\/myvize.com.tr\/yenizelanda\/?p=326"},"modified":"2021-12-01T17:46:47","modified_gmt":"2021-12-01T14:46:47","slug":"yeni-zelanda-vizesi-acildi-mi","status":"publish","type":"post","link":"https:\/\/myvize.com.tr\/yenizelanda\/yeni-zelanda-vizesi-acildi-mi\/","title":{"rendered":"Yeni Zelanda Vizesi A\u00e7\u0131ld\u0131 M\u0131?"},"content":{"rendered":"<h2><span style=\"font-family: Roboto; font-size: 27px;\"><strong>Covid 19 Kapsam\u0131nda\u00a0<\/strong><strong>Yeni Zelanda\u00a0<\/strong><strong>Vizesi ile \u0130lgili Son Durum Ne?<\/strong><\/span><\/h2>\n<p><span style=\"font-family: Roboto; font-size: 14px;\">Covid-19 kurallar\u0131 kapsam\u0131nda vize i\u015flemlerinin ve yurt d\u0131\u015f\u0131 seyahatlerinin nas\u0131l yap\u0131laca\u011f\u0131 herkes taraf\u0131ndan merak edilmekte.\u00a0Merak edilen \u00fclkelerden birisi de T\u00fcrkiye\u2019den s\u0131k\u00e7a seyahat yap\u0131lan Yeni Zelanda. Bilindi\u011fi \u00fczere Yeni Zelanda Covid &#8211; 19 kapsam\u0131nda t\u00fcm d\u00fcnyada oldu\u011fu gibi vatanda\u015flar\u0131n vize talepleri ve el\u00e7ilik i\u015flemleri ile ilgili kararlar\u0131n\u0131 duyurdu.<\/span><\/p>\n<h2><span style=\"font-family: Roboto; font-size: 27px;\"><strong>Yeni Zelanda\u00a0<\/strong><strong>Vizesi A\u00e7\u0131ld\u0131 M\u0131 2022?<\/strong><\/span><\/h2>\n<p><span style=\"font-family: Roboto; font-size: 14px;\">Yeni Zelanda d\u0131\u015f temsilciliklerinden Covid\u00a0&#8211;\u00a019 kapsam\u0131nda yap\u0131lan en g\u00fcncel a\u00e7\u0131klama ise \u015f\u00f6yle:<\/span><\/p>\n<p><span style=\"font-family: Roboto; font-size: 14px;\">Yeni Zelanda temsilcili\u011fi duyurusunda vize i\u015flemlerinin durduruldu\u011funu duyurdu. \u0130kinci bir duyuruda bulunmayan Yeni Zelanda yetkilileri a\u015f\u0131 ge\u00e7erlilik ve test ge\u00e7erlilik durumlar\u0131na bak\u0131lmaks\u0131z\u0131n b\u00fct\u00fcn vize i\u015flemleri durdurdu. Yeni Zelanda d\u0131\u015f temsilcilikleri\u00a0hem personel sa\u011fl\u0131\u011f\u0131n\u0131 korumak hem de Covid-19\u2019un yay\u0131lmas\u0131n\u0131 \u00f6nlemek ad\u0131na bu \u015fekilde karar ald\u0131\u011f\u0131n\u0131 a\u00e7\u0131klad\u0131.<\/span><\/p>\n<p><span style=\"font-family: Roboto; font-size: 14px;\">Nitelikli g\u00f6\u00e7men kategorisi yerle\u015fik vizesi ve Ebeveyn yerle\u015fik vizesi, \u00c7al\u0131\u015fma tatili vizeleri, Pasifik eri\u015fim kategorisi,\u00a0Samoal\u0131 kota program\u0131, m\u00fclteci kota program\u0131\u00a0da dahil olmak \u00fczere i\u015flemleri durdurma karar\u0131 ald\u0131.<\/span><\/p>\n<p><span style=\"font-family: Roboto; font-size: 14px;\">Yeni Zelanda yetkilileri, \u00f6\u011frencilerin ba\u015fvurular\u0131 i\u00e7inde online olarak e\u011fitim almalar\u0131n\u0131 ve k\u0131s\u0131tlamalar kalkt\u0131\u011f\u0131nda vize i\u015flemleri i\u00e7in bu e\u011fitim s\u00fcrecini kan\u0131t olarak g\u00f6stermelerini tavsiye ediyor.<\/span><\/p>\n<p><span style=\"font-family: Roboto; font-size: 14px;\">\u0130kinci bir duyuruya kadar ki\u015filer Yeni Zelanda i\u015flemleri i\u00e7in g\u00fcncel bilgiler alabilmek ad\u0131na Yeni Zelanda d\u0131\u015f temsilcilikleri ile irtibata ge\u00e7ebilir ya da Yeni Zelanda\u00a0d\u0131\u015f temsilciliklerinin onaylad\u0131\u011f\u0131 temsilcilikler ve acentelerle g\u00f6r\u00fc\u015febilirler.<\/span><\/p>\n","protected":false},"excerpt":{"rendered":"<p>Covid 19 Kapsam\u0131nda\u00a0Yeni Zelanda\u00a0Vizesi ile \u0130lgili Son Durum Ne? Covid-19 kurallar\u0131 kapsam\u0131nda vize i\u015flemlerinin ve yurt d\u0131\u015f\u0131 seyahatlerinin nas\u0131l yap\u0131laca\u011f\u0131 herkes taraf\u0131ndan merak edilmekte.\u00a0Merak edilen \u00fclkelerden birisi de T\u00fcrkiye\u2019den s\u0131k\u00e7a seyahat yap\u0131lan Yeni Zelanda. Bilindi\u011fi \u00fczere Yeni Zelanda Covid &#8211; 19 kapsam\u0131nda t\u00fcm d\u00fcnyada oldu\u011fu gibi vatanda\u015flar\u0131n vize talepleri ve el\u00e7ilik i\u015flemleri ile ilgili kararlar\u0131n\u0131<\/p>\n","protected":false},"author":1,"featured_media":0,"comment_status":"open","ping_status":"open","sticky":false,"template":"","format":"standard","meta":{"footnotes":""},"categories":[1],"tags":[],"class_list":["post-326","post","type-post","status-publish","format-standard","hentry","category-genel"],"yoast_head":"<!-- This site is optimized with the Yoast SEO plugin v24.0 - https:\/\/yoast.com\/wordpress\/plugins\/seo\/ -->\n<title>Yeni Zelanda Vizesi A\u00e7\u0131ld\u0131 M\u0131? - MyVize Vize Ba\u015fvuru Merkezi<\/title>\n<meta name=\"description\" content=\"Yeni Zelanda Vizesi A\u00e7\u0131ld\u0131 M\u0131 2022? Yeni Zelanda Vizesi nas\u0131l al\u0131n\u0131r? Yeni Zelanda Vize Ba\u015fvurusu nas\u0131l yap\u0131l\u0131r? Yeni Zelanda Vize \u00dccreti.\" \/>\n<meta name=\"robots\" content=\"index, follow, max-snippet:-1, max-image-preview:large, max-video-preview:-1\" \/>\n<link rel=\"canonical\" href=\"https:\/\/myvize.com.tr\/yenizelanda\/yeni-zelanda-vizesi-acildi-mi\/\" \/>\n<meta property=\"og:locale\" content=\"tr_TR\" \/>\n<meta property=\"og:type\" content=\"article\" \/>\n<meta property=\"og:title\" content=\"Yeni Zelanda Vizesi A\u00e7\u0131ld\u0131 M\u0131? - MyVize Vize Ba\u015fvuru Merkezi\" \/>\n<meta property=\"og:description\" content=\"Yeni Zelanda Vizesi A\u00e7\u0131ld\u0131 M\u0131 2022? Yeni Zelanda Vizesi nas\u0131l al\u0131n\u0131r? Yeni Zelanda Vize Ba\u015fvurusu nas\u0131l yap\u0131l\u0131r? Yeni Zelanda Vize \u00dccreti.\" \/>\n<meta property=\"og:url\" content=\"https:\/\/myvize.com.tr\/yenizelanda\/yeni-zelanda-vizesi-acildi-mi\/\" \/>\n<meta property=\"og:site_name\" content=\"Yeni Zelanda Vizesi\" \/>\n<meta property=\"article:published_time\" content=\"2021-07-14T23:54:25+00:00\" \/>\n<meta property=\"article:modified_time\" content=\"2021-12-01T14:46:47+00:00\" \/>\n<meta name=\"author\" content=\"almanya\" \/>\n<meta name=\"twitter:card\" content=\"summary_large_image\" \/>\n<meta name=\"twitter:label1\" content=\"Yazan:\" \/>\n\t<meta name=\"twitter:data1\" content=\"almanya\" \/>\n\t<meta name=\"twitter:label2\" content=\"Tahmini okuma s\u00fcresi\" \/>\n\t<meta name=\"twitter:data2\" content=\"1 dakika\" \/>\n<script type=\"application\/ld+json\" class=\"yoast-schema-graph\">{\"@context\":\"https:\/\/schema.org\",\"@graph\":[{\"@type\":\"WebPage\",\"@id\":\"https:\/\/myvize.com.tr\/yenizelanda\/yeni-zelanda-vizesi-acildi-mi\/\",\"url\":\"https:\/\/myvize.com.tr\/yenizelanda\/yeni-zelanda-vizesi-acildi-mi\/\",\"name\":\"Yeni Zelanda Vizesi A\u00e7\u0131ld\u0131 M\u0131? - MyVize Vize Ba\u015fvuru Merkezi\",\"isPartOf\":{\"@id\":\"https:\/\/myvize.com.tr\/yenizelanda\/#website\"},\"datePublished\":\"2021-07-14T23:54:25+00:00\",\"dateModified\":\"2021-12-01T14:46:47+00:00\",\"author\":{\"@id\":\"https:\/\/myvize.com.tr\/yenizelanda\/#\/schema\/person\/4f2f73b3c45367feadebd7b3792c1f3a\"},\"description\":\"Yeni Zelanda Vizesi A\u00e7\u0131ld\u0131 M\u0131 2022? Yeni Zelanda Vizesi nas\u0131l al\u0131n\u0131r? Yeni Zelanda Vize Ba\u015fvurusu nas\u0131l yap\u0131l\u0131r? Yeni Zelanda Vize \u00dccreti.\",\"breadcrumb\":{\"@id\":\"https:\/\/myvize.com.tr\/yenizelanda\/yeni-zelanda-vizesi-acildi-mi\/#breadcrumb\"},\"inLanguage\":\"tr\",\"potentialAction\":[{\"@type\":\"ReadAction\",\"target\":[\"https:\/\/myvize.com.tr\/yenizelanda\/yeni-zelanda-vizesi-acildi-mi\/\"]}]},{\"@type\":\"BreadcrumbList\",\"@id\":\"https:\/\/myvize.com.tr\/yenizelanda\/yeni-zelanda-vizesi-acildi-mi\/#breadcrumb\",\"itemListElement\":[{\"@type\":\"ListItem\",\"position\":1,\"name\":\"Anasayfa\",\"item\":\"https:\/\/myvize.com.tr\/yenizelanda\/\"},{\"@type\":\"ListItem\",\"position\":2,\"name\":\"Yeni Zelanda Vizesi A\u00e7\u0131ld\u0131 M\u0131?\"}]},{\"@type\":\"WebSite\",\"@id\":\"https:\/\/myvize.com.tr\/yenizelanda\/#website\",\"url\":\"https:\/\/myvize.com.tr\/yenizelanda\/\",\"name\":\"Yeni Zelanda Vizesi\",\"description\":\"\",\"potentialAction\":[{\"@type\":\"SearchAction\",\"target\":{\"@type\":\"EntryPoint\",\"urlTemplate\":\"https:\/\/myvize.com.tr\/yenizelanda\/?s={search_term_string}\"},\"query-input\":{\"@type\":\"PropertyValueSpecification\",\"valueRequired\":true,\"valueName\":\"search_term_string\"}}],\"inLanguage\":\"tr\"},{\"@type\":\"Person\",\"@id\":\"https:\/\/myvize.com.tr\/yenizelanda\/#\/schema\/person\/4f2f73b3c45367feadebd7b3792c1f3a\",\"name\":\"almanya\",\"image\":{\"@type\":\"ImageObject\",\"inLanguage\":\"tr\",\"@id\":\"https:\/\/myvize.com.tr\/yenizelanda\/#\/schema\/person\/image\/\",\"url\":\"https:\/\/secure.gravatar.com\/avatar\/abcb92585de5485c90fa158242480a96?s=96&d=mm&r=g\",\"contentUrl\":\"https:\/\/secure.gravatar.com\/avatar\/abcb92585de5485c90fa158242480a96?s=96&d=mm&r=g\",\"caption\":\"almanya\"},\"sameAs\":[\"https:\/\/myvize.com.tr\/yenizelanda\"],\"url\":\"https:\/\/myvize.com.tr\/yenizelanda\/author\/almanya\/\"}]}<\/script>\n<!-- \/ Yoast SEO plugin. -->","yoast_head_json":{"title":"Yeni Zelanda Vizesi A\u00e7\u0131ld\u0131 M\u0131? - MyVize Vize Ba\u015fvuru Merkezi","description":"Yeni Zelanda Vizesi A\u00e7\u0131ld\u0131 M\u0131 2022? Yeni Zelanda Vizesi nas\u0131l al\u0131n\u0131r? Yeni Zelanda Vize Ba\u015fvurusu nas\u0131l yap\u0131l\u0131r? Yeni Zelanda Vize \u00dccreti.","robots":{"index":"index","follow":"follow","max-snippet":"max-snippet:-1","max-image-preview":"max-image-preview:large","max-video-preview":"max-video-preview:-1"},"canonical":"https:\/\/myvize.com.tr\/yenizelanda\/yeni-zelanda-vizesi-acildi-mi\/","og_locale":"tr_TR","og_type":"article","og_title":"Yeni Zelanda Vizesi A\u00e7\u0131ld\u0131 M\u0131? - MyVize Vize Ba\u015fvuru Merkezi","og_description":"Yeni Zelanda Vizesi A\u00e7\u0131ld\u0131 M\u0131 2022? Yeni Zelanda Vizesi nas\u0131l al\u0131n\u0131r? Yeni Zelanda Vize Ba\u015fvurusu nas\u0131l yap\u0131l\u0131r? Yeni Zelanda Vize \u00dccreti.","og_url":"https:\/\/myvize.com.tr\/yenizelanda\/yeni-zelanda-vizesi-acildi-mi\/","og_site_name":"Yeni Zelanda Vizesi","article_published_time":"2021-07-14T23:54:25+00:00","article_modified_time":"2021-12-01T14:46:47+00:00","author":"almanya","twitter_card":"summary_large_image","twitter_misc":{"Yazan:":"almanya","Tahmini okuma s\u00fcresi":"1 dakika"},"schema":{"@context":"https:\/\/schema.org","@graph":[{"@type":"WebPage","@id":"https:\/\/myvize.com.tr\/yenizelanda\/yeni-zelanda-vizesi-acildi-mi\/","url":"https:\/\/myvize.com.tr\/yenizelanda\/yeni-zelanda-vizesi-acildi-mi\/","name":"Yeni Zelanda Vizesi A\u00e7\u0131ld\u0131 M\u0131? - MyVize Vize Ba\u015fvuru Merkezi","isPartOf":{"@id":"https:\/\/myvize.com.tr\/yenizelanda\/#website"},"datePublished":"2021-07-14T23:54:25+00:00","dateModified":"2021-12-01T14:46:47+00:00","author":{"@id":"https:\/\/myvize.com.tr\/yenizelanda\/#\/schema\/person\/4f2f73b3c45367feadebd7b3792c1f3a"},"description":"Yeni Zelanda Vizesi A\u00e7\u0131ld\u0131 M\u0131 2022? Yeni Zelanda Vizesi nas\u0131l al\u0131n\u0131r? Yeni Zelanda Vize Ba\u015fvurusu nas\u0131l yap\u0131l\u0131r? Yeni Zelanda Vize \u00dccreti.","breadcrumb":{"@id":"https:\/\/myvize.com.tr\/yenizelanda\/yeni-zelanda-vizesi-acildi-mi\/#breadcrumb"},"inLanguage":"tr","potentialAction":[{"@type":"ReadAction","target":["https:\/\/myvize.com.tr\/yenizelanda\/yeni-zelanda-vizesi-acildi-mi\/"]}]},{"@type":"BreadcrumbList","@id":"https:\/\/myvize.com.tr\/yenizelanda\/yeni-zelanda-vizesi-acildi-mi\/#breadcrumb","itemListElement":[{"@type":"ListItem","position":1,"name":"Anasayfa","item":"https:\/\/myvize.com.tr\/yenizelanda\/"},{"@type":"ListItem","position":2,"name":"Yeni Zelanda Vizesi A\u00e7\u0131ld\u0131 M\u0131?"}]},{"@type":"WebSite","@id":"https:\/\/myvize.com.tr\/yenizelanda\/#website","url":"https:\/\/myvize.com.tr\/yenizelanda\/","name":"Yeni Zelanda Vizesi","description":"","potentialAction":[{"@type":"SearchAction","target":{"@type":"EntryPoint","urlTemplate":"https:\/\/myvize.com.tr\/yenizelanda\/?s={search_term_string}"},"query-input":{"@type":"PropertyValueSpecification","valueRequired":true,"valueName":"search_term_string"}}],"inLanguage":"tr"},{"@type":"Person","@id":"https:\/\/myvize.com.tr\/yenizelanda\/#\/schema\/person\/4f2f73b3c45367feadebd7b3792c1f3a","name":"almanya","image":{"@type":"ImageObject","inLanguage":"tr","@id":"https:\/\/myvize.com.tr\/yenizelanda\/#\/schema\/person\/image\/","url":"https:\/\/secure.gravatar.com\/avatar\/abcb92585de5485c90fa158242480a96?s=96&d=mm&r=g","contentUrl":"https:\/\/secure.gravatar.com\/avatar\/abcb92585de5485c90fa158242480a96?s=96&d=mm&r=g","caption":"almanya"},"sameAs":["https:\/\/myvize.com.tr\/yenizelanda"],"url":"https:\/\/myvize.com.tr\/yenizelanda\/author\/almanya\/"}]}},"_links":{"self":[{"href":"https:\/\/myvize.com.tr\/yenizelanda\/wp-json\/wp\/v2\/posts\/326","targetHints":{"allow":["GET"]}}],"collection":[{"href":"https:\/\/myvize.com.tr\/yenizelanda\/wp-json\/wp\/v2\/posts"}],"about":[{"href":"https:\/\/myvize.com.tr\/yenizelanda\/wp-json\/wp\/v2\/types\/post"}],"author":[{"embeddable":true,"href":"https:\/\/myvize.com.tr\/yenizelanda\/wp-json\/wp\/v2\/users\/1"}],"replies":[{"embeddable":true,"href":"https:\/\/myvize.com.tr\/yenizelanda\/wp-json\/wp\/v2\/comments?post=326"}],"version-history":[{"count":3,"href":"https:\/\/myvize.com.tr\/yenizelanda\/wp-json\/wp\/v2\/posts\/326\/revisions"}],"predecessor-version":[{"id":592,"href":"https:\/\/myvize.com.tr\/yenizelanda\/wp-json\/wp\/v2\/posts\/326\/revisions\/592"}],"wp:attachment":[{"href":"https:\/\/myvize.com.tr\/yenizelanda\/wp-json\/wp\/v2\/media?parent=326"}],"wp:term":[{"taxonomy":"category","embeddable":true,"href":"https:\/\/myvize.com.tr\/yenizelanda\/wp-json\/wp\/v2\/categories?post=326"},{"taxonomy":"post_tag","embeddable":true,"href":"https:\/\/myvize.com.tr\/yenizelanda\/wp-json\/wp\/v2\/tags?post=326"}],"curies":[{"name":"wp","href":"https:\/\/api.w.org\/{rel}","templated":true}]}}