{"id":316,"date":"2021-06-27T13:54:43","date_gmt":"2021-06-27T10:54:43","guid":{"rendered":"https:\/\/myvize.com.tr\/yenizelanda\/?p=316"},"modified":"2022-01-19T15:10:08","modified_gmt":"2022-01-19T12:10:08","slug":"yeni-zelanda-vizesi-ne-zaman-acilacak","status":"publish","type":"post","link":"https:\/\/myvize.com.tr\/yenizelanda\/yeni-zelanda-vizesi-ne-zaman-acilacak\/","title":{"rendered":"Yeni Zelanda Vizesi Ne Zaman A\u00e7\u0131lacak?"},"content":{"rendered":"<p><span style=\"font-family: Roboto;\"><\/span><\/p>\r\n<h2><strong><span style=\"font-size: 27px; font-family: Roboto;\">Yeni Zelanda Vizesi Ne Zaman A\u00e7\u0131lacak 2022?<\/span><\/strong><\/h2>\r\n<p><span style=\"font-family: Roboto; font-size: 14px;\">Covid19 ile birlikte d\u00fcnya b\u00fcy\u00fck de\u011fi\u015fime u\u011fram\u0131\u015ft\u0131r. D\u00fcnyay\u0131 etkisi alt\u0131na alan bu salg\u0131n k\u0131s\u0131tlamalar\u0131 mecburi k\u0131lm\u0131\u015ft\u0131r. K\u0131s\u0131tlamalar sonras\u0131\u00a0<strong>Yeni Zelanda\u00a0<\/strong><a><strong>Vizesi a\u00e7\u0131k m\u0131<\/strong><\/a>\u00a0diye soran vatanda\u015flar\u0131m\u0131z\u0131 ayd\u0131nlatmak ad\u0131na k\u0131saca \u00fclke ile ilgili bilgi verelim. \u00dclkeye turistlik bir ama\u00e7 i\u00e7in giri\u015fe izin yoktur. Ancak zorunlu sebeplerden \u00f6t\u00fcr\u00fc bir seyahat izni uygulanmaktad\u0131r. Genel anlamda y\u00fcksek derecede tedbir al\u0131nd\u0131\u011f\u0131 i\u00e7in \u00fclkeye giri\u015f yapan her d\u00fcnya vatanda\u015f\u0131n\u0131n kurallara uymas\u0131 \u00e7ok b\u00fcy\u00fck \u00f6nem ta\u015f\u0131r. \u00dclkede genel bir karantina halen uygulanmaktad\u0131r. \u00dclke kurallar\u0131 gere\u011fi Yeni Zelanda\u2019ya ayak bast\u0131\u011f\u0131n\u0131zda karantinaya al\u0131nman\u0131z sizi \u015fa\u015f\u0131rtmamal\u0131d\u0131r. Karantina devletin sa\u011flam\u0131\u015f oldu\u011fu sa\u011fl\u0131k kurulu\u015flar\u0131nda on d\u00f6rt boyunca uygulanaca\u011f\u0131n\u0131 belirtelim.<\/span><\/p>\r\n<p><span style=\"font-family: Roboto; font-size: 14px;\">\r\n\r\n<\/span><\/p>\r\n<p><span style=\"font-family: Roboto; font-size: 14px;\">Yeni Zelanda\u00a0<a><strong>vize veriyor mu \u015fu anda<\/strong><\/a>sorusunun cevab\u0131 evet olarak verilmektedir. Vize t\u00fcr\u00fcn\u00fcze g\u00f6re ba\u015fvurular\u0131n\u0131z\u0131 bir ay \u00f6ncesinden i\u015fleme koyman\u0131z \u00e7ok sa\u011fl\u0131kl\u0131 bir vize s\u00fcreci ge\u00e7irmenize neden olacakt\u0131r. Bununla birlikte gitmeden yetmi\u015f iki saat \u00f6nce PCR testi ile sa\u011fl\u0131kl\u0131 oldu\u011funa dair beyan vermeniz \u00e7ok \u00f6nemlidir. A\u015f\u0131s\u0131 tamamlanm\u0131\u015f vatanda\u015flar PCR testinden muaf olarak \u00fclkeye giri\u015f yapabilmektedir.<\/span><\/p>\r\n<p><span style=\"font-family: Roboto;\"><\/span><\/p>","protected":false},"excerpt":{"rendered":"<p>Yeni Zelanda Vizesi Ne Zaman A\u00e7\u0131lacak 2022? Covid19 ile birlikte d\u00fcnya b\u00fcy\u00fck de\u011fi\u015fime u\u011fram\u0131\u015ft\u0131r. D\u00fcnyay\u0131 etkisi alt\u0131na alan bu salg\u0131n k\u0131s\u0131tlamalar\u0131 mecburi k\u0131lm\u0131\u015ft\u0131r. K\u0131s\u0131tlamalar sonras\u0131\u00a0Yeni Zelanda\u00a0Vizesi a\u00e7\u0131k m\u0131\u00a0diye soran vatanda\u015flar\u0131m\u0131z\u0131 ayd\u0131nlatmak ad\u0131na k\u0131saca \u00fclke ile ilgili bilgi verelim. \u00dclkeye turistlik bir ama\u00e7 i\u00e7in giri\u015fe izin yoktur. Ancak zorunlu sebeplerden \u00f6t\u00fcr\u00fc bir seyahat izni uygulanmaktad\u0131r. Genel<\/p>\n","protected":false},"author":1,"featured_media":0,"comment_status":"open","ping_status":"open","sticky":false,"template":"","format":"standard","meta":{"footnotes":""},"categories":[1],"tags":[],"class_list":["post-316","post","type-post","status-publish","format-standard","hentry","category-genel"],"yoast_head":"<!-- This site is optimized with the Yoast SEO plugin v24.0 - https:\/\/yoast.com\/wordpress\/plugins\/seo\/ -->\n<title>Yeni Zelanda Vizesi Ne Zaman A\u00e7\u0131lacak? - MyVize<\/title>\n<meta name=\"description\" content=\"Yeni Zelanda Vizesi Ne Zaman A\u00e7\u0131lacak 2022? Yeni Zelanda Vize ba\u015fvurusu nas\u0131l yap\u0131l\u0131r? Yeni Zelanda Vize i\u015flemleri nelerdir?\" \/>\n<meta name=\"robots\" content=\"index, follow, max-snippet:-1, max-image-preview:large, max-video-preview:-1\" \/>\n<link rel=\"canonical\" href=\"https:\/\/myvize.com.tr\/yenizelanda\/yeni-zelanda-vizesi-ne-zaman-acilacak\/\" \/>\n<meta property=\"og:locale\" content=\"tr_TR\" \/>\n<meta property=\"og:type\" content=\"article\" \/>\n<meta property=\"og:title\" content=\"Yeni Zelanda Vizesi Ne Zaman A\u00e7\u0131lacak? - MyVize\" \/>\n<meta property=\"og:description\" content=\"Yeni Zelanda Vizesi Ne Zaman A\u00e7\u0131lacak 2022? Yeni Zelanda Vize ba\u015fvurusu nas\u0131l yap\u0131l\u0131r? Yeni Zelanda Vize i\u015flemleri nelerdir?\" \/>\n<meta property=\"og:url\" content=\"https:\/\/myvize.com.tr\/yenizelanda\/yeni-zelanda-vizesi-ne-zaman-acilacak\/\" \/>\n<meta property=\"og:site_name\" content=\"Yeni Zelanda Vizesi\" \/>\n<meta property=\"article:published_time\" content=\"2021-06-27T10:54:43+00:00\" \/>\n<meta property=\"article:modified_time\" content=\"2022-01-19T12:10:08+00:00\" \/>\n<meta name=\"author\" content=\"almanya\" \/>\n<meta name=\"twitter:card\" content=\"summary_large_image\" \/>\n<meta name=\"twitter:label1\" content=\"Yazan:\" \/>\n\t<meta name=\"twitter:data1\" content=\"almanya\" \/>\n\t<meta name=\"twitter:label2\" content=\"Tahmini okuma s\u00fcresi\" \/>\n\t<meta name=\"twitter:data2\" content=\"1 dakika\" \/>\n<script type=\"application\/ld+json\" class=\"yoast-schema-graph\">{\"@context\":\"https:\/\/schema.org\",\"@graph\":[{\"@type\":\"WebPage\",\"@id\":\"https:\/\/myvize.com.tr\/yenizelanda\/yeni-zelanda-vizesi-ne-zaman-acilacak\/\",\"url\":\"https:\/\/myvize.com.tr\/yenizelanda\/yeni-zelanda-vizesi-ne-zaman-acilacak\/\",\"name\":\"Yeni Zelanda Vizesi Ne Zaman A\u00e7\u0131lacak? - MyVize\",\"isPartOf\":{\"@id\":\"https:\/\/myvize.com.tr\/yenizelanda\/#website\"},\"datePublished\":\"2021-06-27T10:54:43+00:00\",\"dateModified\":\"2022-01-19T12:10:08+00:00\",\"author\":{\"@id\":\"https:\/\/myvize.com.tr\/yenizelanda\/#\/schema\/person\/4f2f73b3c45367feadebd7b3792c1f3a\"},\"description\":\"Yeni Zelanda Vizesi Ne Zaman A\u00e7\u0131lacak 2022? Yeni Zelanda Vize ba\u015fvurusu nas\u0131l yap\u0131l\u0131r? Yeni Zelanda Vize i\u015flemleri nelerdir?\",\"breadcrumb\":{\"@id\":\"https:\/\/myvize.com.tr\/yenizelanda\/yeni-zelanda-vizesi-ne-zaman-acilacak\/#breadcrumb\"},\"inLanguage\":\"tr\",\"potentialAction\":[{\"@type\":\"ReadAction\",\"target\":[\"https:\/\/myvize.com.tr\/yenizelanda\/yeni-zelanda-vizesi-ne-zaman-acilacak\/\"]}]},{\"@type\":\"BreadcrumbList\",\"@id\":\"https:\/\/myvize.com.tr\/yenizelanda\/yeni-zelanda-vizesi-ne-zaman-acilacak\/#breadcrumb\",\"itemListElement\":[{\"@type\":\"ListItem\",\"position\":1,\"name\":\"Anasayfa\",\"item\":\"https:\/\/myvize.com.tr\/yenizelanda\/\"},{\"@type\":\"ListItem\",\"position\":2,\"name\":\"Yeni Zelanda Vizesi Ne Zaman A\u00e7\u0131lacak?\"}]},{\"@type\":\"WebSite\",\"@id\":\"https:\/\/myvize.com.tr\/yenizelanda\/#website\",\"url\":\"https:\/\/myvize.com.tr\/yenizelanda\/\",\"name\":\"Yeni Zelanda Vizesi\",\"description\":\"\",\"potentialAction\":[{\"@type\":\"SearchAction\",\"target\":{\"@type\":\"EntryPoint\",\"urlTemplate\":\"https:\/\/myvize.com.tr\/yenizelanda\/?s={search_term_string}\"},\"query-input\":{\"@type\":\"PropertyValueSpecification\",\"valueRequired\":true,\"valueName\":\"search_term_string\"}}],\"inLanguage\":\"tr\"},{\"@type\":\"Person\",\"@id\":\"https:\/\/myvize.com.tr\/yenizelanda\/#\/schema\/person\/4f2f73b3c45367feadebd7b3792c1f3a\",\"name\":\"almanya\",\"image\":{\"@type\":\"ImageObject\",\"inLanguage\":\"tr\",\"@id\":\"https:\/\/myvize.com.tr\/yenizelanda\/#\/schema\/person\/image\/\",\"url\":\"https:\/\/secure.gravatar.com\/avatar\/abcb92585de5485c90fa158242480a96?s=96&d=mm&r=g\",\"contentUrl\":\"https:\/\/secure.gravatar.com\/avatar\/abcb92585de5485c90fa158242480a96?s=96&d=mm&r=g\",\"caption\":\"almanya\"},\"sameAs\":[\"https:\/\/myvize.com.tr\/yenizelanda\"],\"url\":\"https:\/\/myvize.com.tr\/yenizelanda\/author\/almanya\/\"}]}<\/script>\n<!-- \/ Yoast SEO plugin. -->","yoast_head_json":{"title":"Yeni Zelanda Vizesi Ne Zaman A\u00e7\u0131lacak? - MyVize","description":"Yeni Zelanda Vizesi Ne Zaman A\u00e7\u0131lacak 2022? Yeni Zelanda Vize ba\u015fvurusu nas\u0131l yap\u0131l\u0131r? Yeni Zelanda Vize i\u015flemleri nelerdir?","robots":{"index":"index","follow":"follow","max-snippet":"max-snippet:-1","max-image-preview":"max-image-preview:large","max-video-preview":"max-video-preview:-1"},"canonical":"https:\/\/myvize.com.tr\/yenizelanda\/yeni-zelanda-vizesi-ne-zaman-acilacak\/","og_locale":"tr_TR","og_type":"article","og_title":"Yeni Zelanda Vizesi Ne Zaman A\u00e7\u0131lacak? - MyVize","og_description":"Yeni Zelanda Vizesi Ne Zaman A\u00e7\u0131lacak 2022? Yeni Zelanda Vize ba\u015fvurusu nas\u0131l yap\u0131l\u0131r? Yeni Zelanda Vize i\u015flemleri nelerdir?","og_url":"https:\/\/myvize.com.tr\/yenizelanda\/yeni-zelanda-vizesi-ne-zaman-acilacak\/","og_site_name":"Yeni Zelanda Vizesi","article_published_time":"2021-06-27T10:54:43+00:00","article_modified_time":"2022-01-19T12:10:08+00:00","author":"almanya","twitter_card":"summary_large_image","twitter_misc":{"Yazan:":"almanya","Tahmini okuma s\u00fcresi":"1 dakika"},"schema":{"@context":"https:\/\/schema.org","@graph":[{"@type":"WebPage","@id":"https:\/\/myvize.com.tr\/yenizelanda\/yeni-zelanda-vizesi-ne-zaman-acilacak\/","url":"https:\/\/myvize.com.tr\/yenizelanda\/yeni-zelanda-vizesi-ne-zaman-acilacak\/","name":"Yeni Zelanda Vizesi Ne Zaman A\u00e7\u0131lacak? - MyVize","isPartOf":{"@id":"https:\/\/myvize.com.tr\/yenizelanda\/#website"},"datePublished":"2021-06-27T10:54:43+00:00","dateModified":"2022-01-19T12:10:08+00:00","author":{"@id":"https:\/\/myvize.com.tr\/yenizelanda\/#\/schema\/person\/4f2f73b3c45367feadebd7b3792c1f3a"},"description":"Yeni Zelanda Vizesi Ne Zaman A\u00e7\u0131lacak 2022? Yeni Zelanda Vize ba\u015fvurusu nas\u0131l yap\u0131l\u0131r? Yeni Zelanda Vize i\u015flemleri nelerdir?","breadcrumb":{"@id":"https:\/\/myvize.com.tr\/yenizelanda\/yeni-zelanda-vizesi-ne-zaman-acilacak\/#breadcrumb"},"inLanguage":"tr","potentialAction":[{"@type":"ReadAction","target":["https:\/\/myvize.com.tr\/yenizelanda\/yeni-zelanda-vizesi-ne-zaman-acilacak\/"]}]},{"@type":"BreadcrumbList","@id":"https:\/\/myvize.com.tr\/yenizelanda\/yeni-zelanda-vizesi-ne-zaman-acilacak\/#breadcrumb","itemListElement":[{"@type":"ListItem","position":1,"name":"Anasayfa","item":"https:\/\/myvize.com.tr\/yenizelanda\/"},{"@type":"ListItem","position":2,"name":"Yeni Zelanda Vizesi Ne Zaman A\u00e7\u0131lacak?"}]},{"@type":"WebSite","@id":"https:\/\/myvize.com.tr\/yenizelanda\/#website","url":"https:\/\/myvize.com.tr\/yenizelanda\/","name":"Yeni Zelanda Vizesi","description":"","potentialAction":[{"@type":"SearchAction","target":{"@type":"EntryPoint","urlTemplate":"https:\/\/myvize.com.tr\/yenizelanda\/?s={search_term_string}"},"query-input":{"@type":"PropertyValueSpecification","valueRequired":true,"valueName":"search_term_string"}}],"inLanguage":"tr"},{"@type":"Person","@id":"https:\/\/myvize.com.tr\/yenizelanda\/#\/schema\/person\/4f2f73b3c45367feadebd7b3792c1f3a","name":"almanya","image":{"@type":"ImageObject","inLanguage":"tr","@id":"https:\/\/myvize.com.tr\/yenizelanda\/#\/schema\/person\/image\/","url":"https:\/\/secure.gravatar.com\/avatar\/abcb92585de5485c90fa158242480a96?s=96&d=mm&r=g","contentUrl":"https:\/\/secure.gravatar.com\/avatar\/abcb92585de5485c90fa158242480a96?s=96&d=mm&r=g","caption":"almanya"},"sameAs":["https:\/\/myvize.com.tr\/yenizelanda"],"url":"https:\/\/myvize.com.tr\/yenizelanda\/author\/almanya\/"}]}},"_links":{"self":[{"href":"https:\/\/myvize.com.tr\/yenizelanda\/wp-json\/wp\/v2\/posts\/316","targetHints":{"allow":["GET"]}}],"collection":[{"href":"https:\/\/myvize.com.tr\/yenizelanda\/wp-json\/wp\/v2\/posts"}],"about":[{"href":"https:\/\/myvize.com.tr\/yenizelanda\/wp-json\/wp\/v2\/types\/post"}],"author":[{"embeddable":true,"href":"https:\/\/myvize.com.tr\/yenizelanda\/wp-json\/wp\/v2\/users\/1"}],"replies":[{"embeddable":true,"href":"https:\/\/myvize.com.tr\/yenizelanda\/wp-json\/wp\/v2\/comments?post=316"}],"version-history":[{"count":3,"href":"https:\/\/myvize.com.tr\/yenizelanda\/wp-json\/wp\/v2\/posts\/316\/revisions"}],"predecessor-version":[{"id":590,"href":"https:\/\/myvize.com.tr\/yenizelanda\/wp-json\/wp\/v2\/posts\/316\/revisions\/590"}],"wp:attachment":[{"href":"https:\/\/myvize.com.tr\/yenizelanda\/wp-json\/wp\/v2\/media?parent=316"}],"wp:term":[{"taxonomy":"category","embeddable":true,"href":"https:\/\/myvize.com.tr\/yenizelanda\/wp-json\/wp\/v2\/categories?post=316"},{"taxonomy":"post_tag","embeddable":true,"href":"https:\/\/myvize.com.tr\/yenizelanda\/wp-json\/wp\/v2\/tags?post=316"}],"curies":[{"name":"wp","href":"https:\/\/api.w.org\/{rel}","templated":true}]}}