{"id":327,"date":"2021-06-27T14:08:38","date_gmt":"2021-06-27T11:08:38","guid":{"rendered":"https:\/\/myvize.com.tr\/meksika\/?p=327"},"modified":"2022-01-14T17:49:02","modified_gmt":"2022-01-14T14:49:02","slug":"meksika-vizesi-ne-zaman-acilacak-3","status":"publish","type":"post","link":"https:\/\/myvize.com.tr\/meksika\/meksika-vizesi-ne-zaman-acilacak-3\/","title":{"rendered":"Meksika Vize Ne Zaman A\u00e7\u0131lacak"},"content":{"rendered":"\r\n<figure class=\"wp-block-table\">\r\n<h2><strong><span style=\"font-size: 27px; font-family: Roboto;\">Meksika Vize Ne Zaman A\u00e7\u0131lacak?<\/span><\/strong><\/h2>\r\n<table>\r\n<tbody>\r\n<tr>\r\n<td>Covit19 salg\u0131n\u0131 ile birlikte Meksika\u2019da salg\u0131n\u0131 kontrol alt\u0131na almak i\u00e7in birtak\u0131m \u00f6nlemler al\u0131nm\u0131\u015ft\u0131r. Bu y\u00fczden\u00a0<strong>Meksika vizesi a\u00e7\u0131k m\u0131<\/strong>\u00a0sorusu bir\u00e7ok insan taraf\u0131ndan merak edilmektedir. Meksika gerek T\u00fcrk vatanda\u015flar\u0131na gerekse d\u00fcnya \u00fclkelerinde vize ba\u015fvurular\u0131n\u0131 kabul etmektedir. Ancak \u00fclkeye giri\u015f ko\u015fullu olarak sa\u011flanmaktad\u0131r Vize ba\u015fvurusunda bulunduktan sonra Covid19 belirleyici t\u0131bbi test olan PCR yetmi\u015f iki saat \u00f6ncesinden yap\u0131l\u0131p yetkililere ibraz edilmesi gerekir. Meksika\u2019da \u015fuan bilinen bir karantina uygulamas\u0131 olmasa da \u00fclkesine giren her birey kurallar gere\u011fi on d\u00f6rt g\u00fcn karantina alt\u0131na al\u0131nacakt\u0131r. Sonu\u00e7 itibari ile Meksika kendi halk sa\u011fl\u0131\u011f\u0131n\u0131 korumak ve salg\u0131n\u0131 kontrol alt\u0131na alma zorunlulu\u011fundad\u0131r.<strong>Meksika vize veriyor mu \u015fu anda\u00a0<\/strong>net cevap olarak evet diyebiliriz. Ancak vize ba\u015fvurular\u0131n\u0131n titizlikle yap\u0131lmas\u0131 \u00e7ok \u00f6nemlidir. Gidece\u011finizi d\u00fc\u015f\u00fcnd\u00fc\u011f\u00fcn\u00fcz tarihten evvel ba\u015fvuruda bulunman\u0131z vize s\u00fcrecini daha kolay hale getirecektir. Olas\u0131 aksilikler ya\u015famamak ad\u0131na en ge\u00e7 on be\u015f g\u00fcn evvelinden ba\u015fvuru yap\u0131lmal\u0131 ve gerekli evrak haz\u0131rl\u0131klar\u0131na ba\u015flanmaktad\u0131r. Elbette ki ba\u015fvuru yaparken vize t\u00fcr\u00fcn\u00fcz\u00fc de g\u00f6z \u00f6n\u00fcne almay\u0131 ihmal etmeyin.<\/td>\r\n<\/tr>\r\n<\/tbody>\r\n<\/table>\r\n<\/figure>\r\n","protected":false},"excerpt":{"rendered":"<p>Meksika Vize Ne Zaman A\u00e7\u0131lacak? Covit19 salg\u0131n\u0131 ile birlikte Meksika\u2019da salg\u0131n\u0131 kontrol alt\u0131na almak i\u00e7in birtak\u0131m \u00f6nlemler al\u0131nm\u0131\u015ft\u0131r. Bu y\u00fczden\u00a0Meksika vizesi a\u00e7\u0131k m\u0131\u00a0sorusu bir\u00e7ok insan taraf\u0131ndan merak edilmektedir. Meksika gerek T\u00fcrk vatanda\u015flar\u0131na gerekse d\u00fcnya \u00fclkelerinde vize ba\u015fvurular\u0131n\u0131 kabul etmektedir. Ancak \u00fclkeye giri\u015f ko\u015fullu olarak sa\u011flanmaktad\u0131r Vize ba\u015fvurusunda bulunduktan sonra Covid19 belirleyici t\u0131bbi test olan PCR<\/p>\n","protected":false},"author":1,"featured_media":0,"comment_status":"open","ping_status":"open","sticky":false,"template":"","format":"standard","meta":{"footnotes":""},"categories":[1],"tags":[],"class_list":["post-327","post","type-post","status-publish","format-standard","hentry","category-genel"],"yoast_head":"<!-- This site is optimized with the Yoast SEO plugin v24.0 - https:\/\/yoast.com\/wordpress\/plugins\/seo\/ -->\n<title>Meksika Vize Ne Zaman A\u00e7\u0131lacak? - MyVize<\/title>\n<meta name=\"description\" content=\"Meksika Vizesi Ne Zaman A\u00e7\u0131lacak? Meksika Vize ba\u015fvurusu nas\u0131l yap\u0131l\u0131r? Meksika Vize i\u015flemleri nelerdir? Meksika Vize \u00fccreti nedir?\" \/>\n<meta name=\"robots\" content=\"index, follow, max-snippet:-1, max-image-preview:large, max-video-preview:-1\" \/>\n<link rel=\"canonical\" href=\"https:\/\/myvize.com.tr\/meksika\/meksika-vizesi-ne-zaman-acilacak-3\/\" \/>\n<meta property=\"og:locale\" content=\"tr_TR\" \/>\n<meta property=\"og:type\" content=\"article\" \/>\n<meta property=\"og:title\" content=\"Meksika Vize Ne Zaman A\u00e7\u0131lacak? - MyVize\" \/>\n<meta property=\"og:description\" content=\"Meksika Vizesi Ne Zaman A\u00e7\u0131lacak? Meksika Vize ba\u015fvurusu nas\u0131l yap\u0131l\u0131r? Meksika Vize i\u015flemleri nelerdir? Meksika Vize \u00fccreti nedir?\" \/>\n<meta property=\"og:url\" content=\"https:\/\/myvize.com.tr\/meksika\/meksika-vizesi-ne-zaman-acilacak-3\/\" \/>\n<meta property=\"og:site_name\" content=\"Meksika Vizesi\" \/>\n<meta property=\"article:published_time\" content=\"2021-06-27T11:08:38+00:00\" \/>\n<meta property=\"article:modified_time\" content=\"2022-01-14T14:49:02+00:00\" \/>\n<meta name=\"author\" content=\"almanya\" \/>\n<meta name=\"twitter:card\" content=\"summary_large_image\" \/>\n<meta name=\"twitter:label1\" content=\"Yazan:\" \/>\n\t<meta name=\"twitter:data1\" content=\"almanya\" \/>\n\t<meta name=\"twitter:label2\" content=\"Tahmini okuma s\u00fcresi\" \/>\n\t<meta name=\"twitter:data2\" content=\"1 dakika\" \/>\n<script type=\"application\/ld+json\" class=\"yoast-schema-graph\">{\"@context\":\"https:\/\/schema.org\",\"@graph\":[{\"@type\":\"WebPage\",\"@id\":\"https:\/\/myvize.com.tr\/meksika\/meksika-vizesi-ne-zaman-acilacak-3\/\",\"url\":\"https:\/\/myvize.com.tr\/meksika\/meksika-vizesi-ne-zaman-acilacak-3\/\",\"name\":\"Meksika Vize Ne Zaman A\u00e7\u0131lacak? - MyVize\",\"isPartOf\":{\"@id\":\"https:\/\/myvize.com.tr\/meksika\/#website\"},\"datePublished\":\"2021-06-27T11:08:38+00:00\",\"dateModified\":\"2022-01-14T14:49:02+00:00\",\"author\":{\"@id\":\"https:\/\/myvize.com.tr\/meksika\/#\/schema\/person\/4f2f73b3c45367feadebd7b3792c1f3a\"},\"description\":\"Meksika Vizesi Ne Zaman A\u00e7\u0131lacak? Meksika Vize ba\u015fvurusu nas\u0131l yap\u0131l\u0131r? Meksika Vize i\u015flemleri nelerdir? Meksika Vize \u00fccreti nedir?\",\"breadcrumb\":{\"@id\":\"https:\/\/myvize.com.tr\/meksika\/meksika-vizesi-ne-zaman-acilacak-3\/#breadcrumb\"},\"inLanguage\":\"tr\",\"potentialAction\":[{\"@type\":\"ReadAction\",\"target\":[\"https:\/\/myvize.com.tr\/meksika\/meksika-vizesi-ne-zaman-acilacak-3\/\"]}]},{\"@type\":\"BreadcrumbList\",\"@id\":\"https:\/\/myvize.com.tr\/meksika\/meksika-vizesi-ne-zaman-acilacak-3\/#breadcrumb\",\"itemListElement\":[{\"@type\":\"ListItem\",\"position\":1,\"name\":\"Anasayfa\",\"item\":\"https:\/\/myvize.com.tr\/meksika\/\"},{\"@type\":\"ListItem\",\"position\":2,\"name\":\"Meksika Vize Ne Zaman A\u00e7\u0131lacak\"}]},{\"@type\":\"WebSite\",\"@id\":\"https:\/\/myvize.com.tr\/meksika\/#website\",\"url\":\"https:\/\/myvize.com.tr\/meksika\/\",\"name\":\"Meksika Vizesi\",\"description\":\"\",\"potentialAction\":[{\"@type\":\"SearchAction\",\"target\":{\"@type\":\"EntryPoint\",\"urlTemplate\":\"https:\/\/myvize.com.tr\/meksika\/?s={search_term_string}\"},\"query-input\":{\"@type\":\"PropertyValueSpecification\",\"valueRequired\":true,\"valueName\":\"search_term_string\"}}],\"inLanguage\":\"tr\"},{\"@type\":\"Person\",\"@id\":\"https:\/\/myvize.com.tr\/meksika\/#\/schema\/person\/4f2f73b3c45367feadebd7b3792c1f3a\",\"name\":\"almanya\",\"image\":{\"@type\":\"ImageObject\",\"inLanguage\":\"tr\",\"@id\":\"https:\/\/myvize.com.tr\/meksika\/#\/schema\/person\/image\/\",\"url\":\"https:\/\/secure.gravatar.com\/avatar\/abcb92585de5485c90fa158242480a96?s=96&d=mm&r=g\",\"contentUrl\":\"https:\/\/secure.gravatar.com\/avatar\/abcb92585de5485c90fa158242480a96?s=96&d=mm&r=g\",\"caption\":\"almanya\"},\"sameAs\":[\"http:\/\/myvize.com.tr\/meksika\"],\"url\":\"https:\/\/myvize.com.tr\/meksika\/author\/almanya\/\"}]}<\/script>\n<!-- \/ Yoast SEO plugin. -->","yoast_head_json":{"title":"Meksika Vize Ne Zaman A\u00e7\u0131lacak? - MyVize","description":"Meksika Vizesi Ne Zaman A\u00e7\u0131lacak? Meksika Vize ba\u015fvurusu nas\u0131l yap\u0131l\u0131r? Meksika Vize i\u015flemleri nelerdir? Meksika Vize \u00fccreti nedir?","robots":{"index":"index","follow":"follow","max-snippet":"max-snippet:-1","max-image-preview":"max-image-preview:large","max-video-preview":"max-video-preview:-1"},"canonical":"https:\/\/myvize.com.tr\/meksika\/meksika-vizesi-ne-zaman-acilacak-3\/","og_locale":"tr_TR","og_type":"article","og_title":"Meksika Vize Ne Zaman A\u00e7\u0131lacak? - MyVize","og_description":"Meksika Vizesi Ne Zaman A\u00e7\u0131lacak? Meksika Vize ba\u015fvurusu nas\u0131l yap\u0131l\u0131r? Meksika Vize i\u015flemleri nelerdir? Meksika Vize \u00fccreti nedir?","og_url":"https:\/\/myvize.com.tr\/meksika\/meksika-vizesi-ne-zaman-acilacak-3\/","og_site_name":"Meksika Vizesi","article_published_time":"2021-06-27T11:08:38+00:00","article_modified_time":"2022-01-14T14:49:02+00:00","author":"almanya","twitter_card":"summary_large_image","twitter_misc":{"Yazan:":"almanya","Tahmini okuma s\u00fcresi":"1 dakika"},"schema":{"@context":"https:\/\/schema.org","@graph":[{"@type":"WebPage","@id":"https:\/\/myvize.com.tr\/meksika\/meksika-vizesi-ne-zaman-acilacak-3\/","url":"https:\/\/myvize.com.tr\/meksika\/meksika-vizesi-ne-zaman-acilacak-3\/","name":"Meksika Vize Ne Zaman A\u00e7\u0131lacak? - MyVize","isPartOf":{"@id":"https:\/\/myvize.com.tr\/meksika\/#website"},"datePublished":"2021-06-27T11:08:38+00:00","dateModified":"2022-01-14T14:49:02+00:00","author":{"@id":"https:\/\/myvize.com.tr\/meksika\/#\/schema\/person\/4f2f73b3c45367feadebd7b3792c1f3a"},"description":"Meksika Vizesi Ne Zaman A\u00e7\u0131lacak? Meksika Vize ba\u015fvurusu nas\u0131l yap\u0131l\u0131r? Meksika Vize i\u015flemleri nelerdir? Meksika Vize \u00fccreti nedir?","breadcrumb":{"@id":"https:\/\/myvize.com.tr\/meksika\/meksika-vizesi-ne-zaman-acilacak-3\/#breadcrumb"},"inLanguage":"tr","potentialAction":[{"@type":"ReadAction","target":["https:\/\/myvize.com.tr\/meksika\/meksika-vizesi-ne-zaman-acilacak-3\/"]}]},{"@type":"BreadcrumbList","@id":"https:\/\/myvize.com.tr\/meksika\/meksika-vizesi-ne-zaman-acilacak-3\/#breadcrumb","itemListElement":[{"@type":"ListItem","position":1,"name":"Anasayfa","item":"https:\/\/myvize.com.tr\/meksika\/"},{"@type":"ListItem","position":2,"name":"Meksika Vize Ne Zaman A\u00e7\u0131lacak"}]},{"@type":"WebSite","@id":"https:\/\/myvize.com.tr\/meksika\/#website","url":"https:\/\/myvize.com.tr\/meksika\/","name":"Meksika Vizesi","description":"","potentialAction":[{"@type":"SearchAction","target":{"@type":"EntryPoint","urlTemplate":"https:\/\/myvize.com.tr\/meksika\/?s={search_term_string}"},"query-input":{"@type":"PropertyValueSpecification","valueRequired":true,"valueName":"search_term_string"}}],"inLanguage":"tr"},{"@type":"Person","@id":"https:\/\/myvize.com.tr\/meksika\/#\/schema\/person\/4f2f73b3c45367feadebd7b3792c1f3a","name":"almanya","image":{"@type":"ImageObject","inLanguage":"tr","@id":"https:\/\/myvize.com.tr\/meksika\/#\/schema\/person\/image\/","url":"https:\/\/secure.gravatar.com\/avatar\/abcb92585de5485c90fa158242480a96?s=96&d=mm&r=g","contentUrl":"https:\/\/secure.gravatar.com\/avatar\/abcb92585de5485c90fa158242480a96?s=96&d=mm&r=g","caption":"almanya"},"sameAs":["http:\/\/myvize.com.tr\/meksika"],"url":"https:\/\/myvize.com.tr\/meksika\/author\/almanya\/"}]}},"_links":{"self":[{"href":"https:\/\/myvize.com.tr\/meksika\/wp-json\/wp\/v2\/posts\/327","targetHints":{"allow":["GET"]}}],"collection":[{"href":"https:\/\/myvize.com.tr\/meksika\/wp-json\/wp\/v2\/posts"}],"about":[{"href":"https:\/\/myvize.com.tr\/meksika\/wp-json\/wp\/v2\/types\/post"}],"author":[{"embeddable":true,"href":"https:\/\/myvize.com.tr\/meksika\/wp-json\/wp\/v2\/users\/1"}],"replies":[{"embeddable":true,"href":"https:\/\/myvize.com.tr\/meksika\/wp-json\/wp\/v2\/comments?post=327"}],"version-history":[{"count":4,"href":"https:\/\/myvize.com.tr\/meksika\/wp-json\/wp\/v2\/posts\/327\/revisions"}],"predecessor-version":[{"id":745,"href":"https:\/\/myvize.com.tr\/meksika\/wp-json\/wp\/v2\/posts\/327\/revisions\/745"}],"wp:attachment":[{"href":"https:\/\/myvize.com.tr\/meksika\/wp-json\/wp\/v2\/media?parent=327"}],"wp:term":[{"taxonomy":"category","embeddable":true,"href":"https:\/\/myvize.com.tr\/meksika\/wp-json\/wp\/v2\/categories?post=327"},{"taxonomy":"post_tag","embeddable":true,"href":"https:\/\/myvize.com.tr\/meksika\/wp-json\/wp\/v2\/tags?post=327"}],"curies":[{"name":"wp","href":"https:\/\/api.w.org\/{rel}","templated":true}]}}